{"id":107970,"date":"2024-12-16T09:38:26","date_gmt":"2024-12-16T08:38:26","guid":{"rendered":"https:\/\/pipat-antiquites.fr\/?p=107970"},"modified":"2024-12-16T09:39:35","modified_gmt":"2024-12-16T08:39:35","slug":"histoire-mobilier-design-scandinave-suede-danemark-norvege","status":"publish","type":"post","link":"https:\/\/pipat-antiquites.fr\/fr\/histoire-mobilier-design-scandinave-suede-danemark-norvege\/","title":{"rendered":"Le mobilier scandinave"},"content":{"rendered":"<div class=\"wpb-content-wrapper\"><p>[vc_row unlock_row_content=\u00a0\u00bbyes\u00a0\u00bb row_height_percent=\u00a0\u00bb0&Prime; override_padding=\u00a0\u00bbyes\u00a0\u00bb h_padding=\u00a0\u00bb2&Prime; top_padding=\u00a0\u00bb1&Prime; bottom_padding=\u00a0\u00bb5&Prime; overlay_alpha=\u00a0\u00bb50&Prime; gutter_size=\u00a0\u00bb3&Prime; column_width_percent=\u00a0\u00bb100&Prime; shift_y=\u00a0\u00bb0&Prime; z_index=\u00a0\u00bb0&Prime; row_height_use_pixel=\u00a0\u00bb\u00a0\u00bb][vc_column column_width_use_pixel=\u00a0\u00bbyes\u00a0\u00bb gutter_size=\u00a0\u00bb3&Prime; font_family=\u00a0\u00bbfont-134980&Prime; overlay_alpha=\u00a0\u00bb50&Prime; shift_x=\u00a0\u00bb0&Prime; shift_y=\u00a0\u00bb0&Prime; shift_y_down=\u00a0\u00bb0&Prime; z_index=\u00a0\u00bb0&Prime; medium_width=\u00a0\u00bb0&Prime; mobile_width=\u00a0\u00bb0&Prime; zoom_width=\u00a0\u00bb0&Prime; zoom_height=\u00a0\u00bb0&Prime; column_width_pixel=\u00a0\u00bb800&Prime; width=\u00a0\u00bb1\/1&Prime;][vc_column_text uncode_shortcode_id=\u00a0\u00bb442332&Prime;]<\/p>\n<div class=\"page\" title=\"Page 3\">\n<div class=\"layoutArea\">\n<div class=\"column\">\n<div class=\"page\" title=\"Page 3\">\n<div class=\"layoutArea\">\n<div class=\"page\" title=\"Page 3\">\n<div class=\"page\" title=\"Page 3\">\n<div class=\"layoutArea\">\n<div class=\"column\">\n<div class=\"page\" title=\"Page 3\">\n<div class=\"page\" title=\"Page 3\">\n<div class=\"section\">\n<p class=\"layoutArea\">Avant m\u00eame de consid\u00e9rer les formes du design scandinave, il est indispensable de s\u2019arr\u00eater sur l\u2019environnement qui l\u2019a vu na\u00eetre. \u00c0 la diff\u00e9rence de l\u2019Europe de l\u2019ouest temp\u00e9r\u00e9e, le Danemark, la Su\u00e8de et la Norv\u00e8ge sont soumis plus que d\u2019autres \u00e0 la rudesse des \u00e9l\u00e9ments.Lorsque le froid mordant va de pair avec une nuit qui peut durer pr\u00e8s de 18 heures, il va sans dire que la recherche de chaleur, de lumi\u00e8re et de douceur est une pr\u00e9occupation importante.<br \/>\nAussi, le concept sp\u00e9cifique d\u00e9sign\u00e9 par le terme <i>Hygge<\/i> esquisse d\u00e9j\u00e0 les lignes d\u2019un mode de vie propice \u00e0 du mobilier et des arts d\u00e9coratifs sp\u00e9cifiques, \u00e9loign\u00e9s par n\u00e9cessit\u00e9 naturelle de ce qui se fait dans les pays temp\u00e9r\u00e9s. <i>Hygge <\/i>puise son origine dans la langue norv\u00e9gienne qui lui donne sa plus ancienne trace \u00e9crite, dat\u00e9e du XVIIIe si\u00e8cle. La d\u00e9finition n\u2019a pas chang\u00e9. Ce mot qui signifie d\u2019abord \u00ab\u00a0bien-\u00eatre\u00a0\u00bb aimante tout le champ lexical du confort, de l\u2019agr\u00e9able, de l\u2019intime et du r\u00e9confort. S\u2019il n\u2019est pas uniquement sp\u00e9cifique \u00e0 la p\u00e9riode hivernale, il va sans dire qu\u2019il va comme un gant au mobilier et aux arts d\u00e9coratifs de la Scandinavie !<\/p>\n<\/div>\n<\/div>\n<\/div>\n<\/div>\n<\/div>\n<\/div>\n<\/div>\n<\/div>\n<\/div>\n<\/div>\n<\/div>\n<\/div>\n<p>[\/vc_column_text][vc_custom_heading uncode_shortcode_id=\u00a0\u00bb103990&Prime;]<\/p>\n<h2 class=\"p1\">Combattre le froid par le chaud<\/h2>\n<p>[\/vc_custom_heading][vc_column_text uncode_shortcode_id=\u00a0\u00bb896276&Prime;]<\/p>\n<div class=\"page\" title=\"Page 3\">\n<div class=\"layoutArea\">\n<div class=\"column\">\n<div class=\"page\" title=\"Page 3\">\n<div class=\"layoutArea\">\n<div class=\"page\" title=\"Page 3\">\n<div class=\"page\" title=\"Page 3\">\n<div class=\"layoutArea\">\n<div class=\"column\">\n<div class=\"page\" title=\"Page 3\">\n<div class=\"page\" title=\"Page 4\">\n<div class=\"section\">\n<p class=\"layoutArea\">Le <i>hygge<\/i> d\u00e9coule assur\u00e9ment d\u2019un attachement populaire \u00e0 une intimit\u00e9 accueillante plut\u00f4t qu\u2019il n\u2019en est l\u2019initiateur. La rudesse du monde ext\u00e9rieur appelle le confort, le calme et la chaleur du foyer. Ce souci se trouve comme inscrit dans un mobilier qui privil\u00e9gie la forme libre, organique, les lignes douces, arrondies et n\u2019opposant rien d\u2019agressif. Le froid et le vent \u00e0 l\u2019ext\u00e9rieur le sont d\u00e9j\u00e0 bien assez. \u00c0 cela s\u2019ajoute des mati\u00e8res, notamment textiles, naturelles, chaleureuses et en couleur. Pour construire cet environnement int\u00e9rieur po\u00e9tique, paisible, discret et tr\u00e8s homog\u00e8ne, les mat\u00e9riaux sont donc au centre de l\u2019attention des artisans puis des designers.<\/p>\n<\/div>\n<\/div>\n<\/div>\n<\/div>\n<\/div>\n<\/div>\n<\/div>\n<\/div>\n<\/div>\n<\/div>\n<\/div>\n<\/div>\n<p>[\/vc_column_text][vc_single_image media=\u00a0\u00bb107934&Prime; caption=\u00a0\u00bbyes\u00a0\u00bb media_width_percent=\u00a0\u00bb100&Prime; uncode_shortcode_id=\u00a0\u00bb170681&Prime;][vc_button border_width=\u00a0\u00bb0&Prime; link=\u00a0\u00bburl:https%3A%2F%2Fpipat-antiquites.fr%2Ffr%2Fobjets%2Ffauteuil-design-vintage-scandinave-probablement-danemark-xxe-siecle%2F|title:Fauteuil%20design%20scandinave%2C%20probablement%20Danemark%2C%20XXe%20si%C3%A8cle|target:_blank\u00a0\u00bb uncode_shortcode_id=\u00a0\u00bb151981&Prime;]Acheter ce fauteuil[\/vc_button][vc_custom_heading uncode_shortcode_id=\u00a0\u00bb262287&Prime;]<\/p>\n<h2 class=\"p1\">Un mat\u00e9riau de pr\u00e9dilection : le bois<\/h2>\n<p>[\/vc_custom_heading][vc_column_text uncode_shortcode_id=\u00a0\u00bb868069&Prime;]<\/p>\n<div class=\"page\" title=\"Page 3\">\n<div class=\"layoutArea\">\n<div class=\"column\">\n<div class=\"page\" title=\"Page 3\">\n<div class=\"layoutArea\">\n<div class=\"page\" title=\"Page 3\">\n<div class=\"page\" title=\"Page 3\">\n<div class=\"layoutArea\">\n<div class=\"column\">\n<div class=\"page\" title=\"Page 3\">\n<div class=\"page\" title=\"Page 4\">\n<div class=\"section\">\n<p class=\"layoutArea\">Disponible en quantit\u00e9, le bois est naturellement le premier mat\u00e9riau de fabrication du mobilier danois, su\u00e9dois ou norv\u00e9gien. Les essences locales aux nuances douces, claires et lumineuses servent \u00e0 merveille les grands principes du <i>hygge<\/i> : le ch\u00eane et le h\u00eatre, plus tard le teck, le palissandre et l\u2019acajou sont utilis\u00e9s en massif ou en placage et soigneusement ponc\u00e9s et magnifi\u00e9s par des patines chaudes aux nuances fauves ou miel. En jouant des coupes en bois de fil et bois de bois, les artisans scandinaves d\u00e9clinent des motifs sur lesquels jouent la lumi\u00e8re, adoucissant encore davantage un mobilier dont m\u00eame le bois semble moelleux, velout\u00e9, accueillant. Le sycomore, le bouleau et le pin servent quant \u00e0 eux le b\u00e2ti, les tiroirs ou les placages int\u00e9rieurs. La mise en \u0153uvre sp\u00e9cifiquement scandinave du mat\u00e9riau d\u00e9finit ensuite des lignes signant assur\u00e9ment une culture, une civilisation.<\/p>\n<\/div>\n<\/div>\n<\/div>\n<\/div>\n<\/div>\n<\/div>\n<\/div>\n<\/div>\n<\/div>\n<\/div>\n<\/div>\n<\/div>\n<p>[\/vc_column_text][vc_custom_heading uncode_shortcode_id=\u00a0\u00bb572637&Prime;]<\/p>\n<h2 class=\"p1\">Une modernit\u00e9 douce<\/h2>\n<p>[\/vc_custom_heading][vc_column_text uncode_shortcode_id=\u00a0\u00bb125160&Prime;]En 1914, un nouveau style nait d\u00e9j\u00e0 en Su\u00e8de, en r\u00e9action \u00e0 l\u2019industrialisation et en \u00e9cho aux mouvements Arts &amp; Crafts britanniques, Art Nouveau franco-belge ou Jugendstil allemand. Ces productions valorisent un artisanat de haute qualit\u00e9 capables de s\u2019associer \u00e0 la production industrielle.<\/p>\n<p>Dans les ann\u00e9es 1920, la production est si qualitative qu\u2019on peine \u00e0 diff\u00e9rencier le mobilier ordinaire de celui cr\u00e9\u00e9 par un designer. En 1925, l\u2019Exposition internationale des Arts d\u00e9coratifs de Paris offre une vitrine \u00e0 ces productions venues du froid. Une d\u00e9cennie plus tard, quelques grands noms sont d\u00e9j\u00e0 bien identifi\u00e9s sur la sc\u00e8ne internationale : Kaarne Klint (1888 &#8211; 1954), Alvar Alto (1898 &#8211; 1976), Arne Jacobsen (1902 &#8211; 1971). Puis ce sont Tapio Wirkkala (1915 &#8211; 1985) ou encore Poul Kj\u00e6rholm (1929 &#8211; 1980) qui se font r\u00e9f\u00e9rence. Lorsque les techniques traditionnelles s\u2019accordent presque parfaitement \u00e0 la fabrication industrielle, le design scandinave entre dans son \u00e2ge d\u2019or.[\/vc_column_text][vc_single_image media=\u00a0\u00bb107975&Prime; caption=\u00a0\u00bbyes\u00a0\u00bb media_width_percent=\u00a0\u00bb100&Prime; uncode_shortcode_id=\u00a0\u00bb924351&Prime;][vc_custom_heading uncode_shortcode_id=\u00a0\u00bb634791&Prime;]<\/p>\n<h2 class=\"p1\">L\u2019attachement aux traditions et aux savoir-faire<\/h2>\n<p>[\/vc_custom_heading][vc_column_text uncode_shortcode_id=\u00a0\u00bb194474&Prime;]<\/p>\n<div class=\"page\" title=\"Page 3\">\n<div class=\"layoutArea\">\n<div class=\"column\">\n<div class=\"page\" title=\"Page 4\">\n<div class=\"page\" title=\"Page 4\">\n<div class=\"section\">\n<div class=\"layoutArea\">\n<div class=\"column\">\n<div class=\"page\" title=\"Page 3\">\n<div class=\"layoutArea\">\n<div class=\"column\">\n<p class=\"p1\">Si les formes du design scandinave sont une d\u00e9couverte frappante pour l\u2019Europe et les \u00c9tats-Unis des ann\u00e9es 1950, elles sont en v\u00e9rit\u00e9 le fruit d\u2019artisanats ancestraux. La perfection des lignes, qui semblent model\u00e9es et patin\u00e9es par l\u2019usage, donne \u00e0 chaque meuble une identit\u00e9 \u00e9toff\u00e9e de la longue histoire patrimoniale. Or, ce souci du dessin et de l\u2019aisance, l\u2019humilit\u00e9 formelle seulement orn\u00e9e de l\u2019individualit\u00e9 des mat\u00e9riaux naturels rencontrent au XXe si\u00e8cle l\u2019aspiration au fonctionnalisme, \u00e0 la simplicit\u00e9 \u00e9l\u00e9gante, en tout point oppos\u00e9e \u00e0 la profusion des styles classiques et bourgeois. Apr\u00e8s deux guerres mondiales \u00e0 la puissance de destruction encore jamais vue, la modernit\u00e9 recherche des joies simples, un d\u00e9pouillement qui n\u2019a rien d\u2019aust\u00e8re, mais au contraire une g\u00e9n\u00e9rosit\u00e9 chaleureuse. Les \u00e9lites cherchent \u00e0 cr\u00e9er un foyer capable d\u2019appr\u00e9cier \u00e0 leur juste valeur d\u2019heureuses pr\u00e9occupations quotidiennes : organiser un repas entre amis, partager des moments en famille ou simplement profiter d\u2019un moment seul, doux et reposant. Le savoir-faire et la tradition scandinave rencontrent alors les besoins de l\u2019\u00e9poque et entrent dans son \u00e2ge d\u2019or.<\/p>\n<\/div>\n<\/div>\n<\/div>\n<\/div>\n<\/div>\n<\/div>\n<\/div>\n<\/div>\n<\/div>\n<\/div>\n<\/div>\n<p>[\/vc_column_text][vc_single_image media=\u00a0\u00bb107977&Prime; caption=\u00a0\u00bbyes\u00a0\u00bb media_width_percent=\u00a0\u00bb100&Prime; uncode_shortcode_id=\u00a0\u00bb159537&Prime;][vc_custom_heading uncode_shortcode_id=\u00a0\u00bb232631&Prime;]<\/p>\n<h2 class=\"p1\">Le design scandinave : un succ\u00e8s international<\/h2>\n<p>[\/vc_custom_heading][vc_column_text uncode_shortcode_id=\u00a0\u00bb154770&Prime;]<\/p>\n<p class=\"p1\">Alors que le Bauhaus, l\u2019UAM &#8211; et plus largement le modernisme &#8211; brossent des int\u00e9rieurs et du mobilier m\u00e9tallique, froid, chirurgicale, \u00e0 peine relev\u00e9 de mati\u00e8res r\u00e9confortantes (cuir, laine), le design scandinave oppose un confort domestique simple, \u00e9l\u00e9gant et assur\u00e9ment contemporain. Tout en mesure et sobri\u00e9t\u00e9, il emprunte \u00e0 l\u2019industrialisation la facilit\u00e9 de mise en \u0153uvre, mais conserve de sa production historique et traditionnelle le r\u00e9confort du bois. Alors que les avant-garde du design cr\u00e9ent des maisons \u00ab\u00a0machine \u00e0 vivre\u00a0\u00bb, les designers scandinaves exportent leur havre de paix. En consid\u00e9rant l\u2019habitant et son rapport intime \u00e0 l\u2019habitat plut\u00f4t que sa mani\u00e8re presque m\u00e9canique d\u2019occuper l\u2019espace, l\u2019esprit moderne scandinave remporte ainsi tous les lauriers. Son influence est telle qu\u2019il impr\u00e8gne profond\u00e9ment le design am\u00e9ricain.<\/p>\n<p>[\/vc_column_text][vc_single_image media=\u00a0\u00bb107979&Prime; caption=\u00a0\u00bbyes\u00a0\u00bb media_width_percent=\u00a0\u00bb100&Prime; uncode_shortcode_id=\u00a0\u00bb172118&Prime;][vc_column_text uncode_shortcode_id=\u00a0\u00bb459917&Prime;]<\/p>\n<p class=\"p1\">Pourtant, l\u2019\u00e2ge d\u2019or est de courte dur\u00e9e ; dans les ann\u00e9es 1955, le design am\u00e9ricain et italien prend le dessus. Si les Scandinaves ne sont pas \u00e9vinc\u00e9s, leur production n\u2019est plus sous le feu des projecteurs, bien qu\u2019elle demeure importante. Devenu valeur s\u00fbre, ce design venu du froid parvient tout de m\u00eame, et en un demi si\u00e8cle seulement, \u00e0 d\u00e9finir une identit\u00e9 culturelle, \u00e0 faire valoir ses savoir-faire, \u00e0 imposer un mode de vie qui fait encore r\u00eaver aujourd\u2019hui.<\/p>\n<p class=\"p1\">Si les caprices de la mode leur donne plus ou moins de visibilit\u00e9 selon les \u00e9poques, les pi\u00e8ces modernes scandinaves restent assur\u00e9ment des signatures rassurante et pr\u00e9servent des toujours possibles fautes de go\u00fbt. \u00c9pur\u00e9 jusqu\u2019\u00e0 l\u2019essentiel, con\u00e7u dans un mat\u00e9riau intemporel, le v\u00e9ritable mobilier scandinave ne craint plus d\u00e9sormais d\u2019\u00eatre d\u00e9mod\u00e9.<\/p>\n<p>[\/vc_column_text][vc_column_text uncode_shortcode_id=\u00a0\u00bb555518&Prime;]<\/p>\n<p style=\"text-align: right;\"><strong>Marielle Brie de Lagerac<br \/>\n<\/strong>Historienne de l\u2019art pour le march\u00e9 de l\u2019art et les m\u00e9dias culturels.<br \/>\nAuteure du blog L\u2019Art de l&rsquo;Objet<\/p>\n<p>[\/vc_column_text][\/vc_column][\/vc_row]<\/p>\n<\/div>","protected":false},"excerpt":{"rendered":"<p>R\u00e9guli\u00e8rement, le mobilier scandinave revient sur le devant de la sc\u00e8ne. Preuve que depuis son \u00e2ge d\u2019or au XXe si\u00e8cle, il a su se faire une place de choix dans l\u2019histoire de l\u2019art et du design.<\/p>\n","protected":false},"author":3,"featured_media":107979,"comment_status":"closed","ping_status":"closed","sticky":false,"template":"","format":"standard","meta":{"_seopress_titles_title":"Le mobilier scandinave","_seopress_titles_desc":"R\u00e9guli\u00e8rement, le mobilier scandinave revient sur le devant de la sc\u00e8ne. Preuve que depuis son \u00e2ge d\u2019or au XXe si\u00e8cle, il a su se faire une place de choix dans l\u2019histoire de l\u2019art et du design.","_seopress_robots_index":"","_seopress_robots_follow":"","_seopress_robots_imageindex":"","_seopress_robots_snippet":"","_seopress_robots_primary_cat":"none","_seopress_robots_breadcrumbs":"","_seopress_robots_freeze_modified_date":"","_seopress_robots_custom_modified_date":"","_seopress_robots_canonical":"","_seopress_social_fb_title":"Le mobilier scandinave","_seopress_social_fb_desc":"R\u00e9guli\u00e8rement, le mobilier scandinave revient sur le devant de la sc\u00e8ne. Preuve que depuis son \u00e2ge d\u2019or au XXe si\u00e8cle, il a su se faire une place de choix dans l\u2019histoire de l\u2019art et du design.","_seopress_social_fb_img":"https:\/\/pipat-antiquites.fr\/wp-content\/uploads\/2024\/12\/salle-a-manger-design-scandinave-new-york.jpeg","_seopress_social_fb_img_attachment_id":107979,"_seopress_social_fb_img_width":1260,"_seopress_social_fb_img_height":869,"_seopress_social_twitter_title":"Le mobilier scandinave","_seopress_social_twitter_desc":"R\u00e9guli\u00e8rement, le mobilier scandinave revient sur le devant de la sc\u00e8ne. Preuve que depuis son \u00e2ge d\u2019or au XXe si\u00e8cle, il a su se faire une place de choix dans l\u2019histoire de l\u2019art et du design.","_seopress_social_twitter_img":"https:\/\/pipat-antiquites.fr\/wp-content\/uploads\/2024\/12\/salle-a-manger-design-scandinave-new-york.jpeg","_seopress_social_twitter_img_attachment_id":107979,"_seopress_social_twitter_img_width":1260,"_seopress_social_twitter_img_height":869,"_seopress_redirections_value":"","_seopress_redirections_enabled":"","_seopress_redirections_enabled_regex":"","_seopress_redirections_logged_status":"both","_seopress_redirections_param":"","_seopress_redirections_type":301,"_seopress_analysis_target_kw":"design,scandinave,suede,danemark,norvege,mobilier,moderne","_seopress_news_disabled":"","_seopress_video_disabled":"","_seopress_video":[],"_seopress_pro_schemas_manual":[],"_seopress_pro_rich_snippets_disable_all":"","_seopress_pro_rich_snippets_disable":[],"_seopress_pro_schemas":[],"content-type":"","footnotes":""},"categories":[1,163],"tags":[],"class_list":["post-107970","post","type-post","status-publish","format-standard","has-post-thumbnail","hentry","category-non-classifiee","category-glossaire-art-antiquite-brocante"],"_links":{"self":[{"href":"https:\/\/pipat-antiquites.fr\/fr\/wp-json\/wp\/v2\/posts\/107970","targetHints":{"allow":["GET"]}}],"collection":[{"href":"https:\/\/pipat-antiquites.fr\/fr\/wp-json\/wp\/v2\/posts"}],"about":[{"href":"https:\/\/pipat-antiquites.fr\/fr\/wp-json\/wp\/v2\/types\/post"}],"author":[{"embeddable":true,"href":"https:\/\/pipat-antiquites.fr\/fr\/wp-json\/wp\/v2\/users\/3"}],"replies":[{"embeddable":true,"href":"https:\/\/pipat-antiquites.fr\/fr\/wp-json\/wp\/v2\/comments?post=107970"}],"version-history":[{"count":3,"href":"https:\/\/pipat-antiquites.fr\/fr\/wp-json\/wp\/v2\/posts\/107970\/revisions"}],"predecessor-version":[{"id":107982,"href":"https:\/\/pipat-antiquites.fr\/fr\/wp-json\/wp\/v2\/posts\/107970\/revisions\/107982"}],"wp:featuredmedia":[{"embeddable":true,"href":"https:\/\/pipat-antiquites.fr\/fr\/wp-json\/wp\/v2\/media\/107979"}],"wp:attachment":[{"href":"https:\/\/pipat-antiquites.fr\/fr\/wp-json\/wp\/v2\/media?parent=107970"}],"wp:term":[{"taxonomy":"category","embeddable":true,"href":"https:\/\/pipat-antiquites.fr\/fr\/wp-json\/wp\/v2\/categories?post=107970"},{"taxonomy":"post_tag","embeddable":true,"href":"https:\/\/pipat-antiquites.fr\/fr\/wp-json\/wp\/v2\/tags?post=107970"}],"curies":[{"name":"wp","href":"https:\/\/api.w.org\/{rel}","templated":true}]}}