{"id":102664,"date":"2023-06-29T17:19:57","date_gmt":"2023-06-29T15:19:57","guid":{"rendered":"https:\/\/pipat-antiquites.fr\/?p=102664"},"modified":"2024-02-10T17:04:58","modified_gmt":"2024-02-10T16:04:58","slug":"ornement-antiquites-mobilier-vases-jardin","status":"publish","type":"post","link":"https:\/\/pipat-antiquites.fr\/fr\/ornement-antiquites-mobilier-vases-jardin\/","title":{"rendered":"Ornements et antiquit\u00e9s du jardin"},"content":{"rendered":"<div class=\"wpb-content-wrapper\"><p>[vc_row unlock_row_content=\u00a0\u00bbyes\u00a0\u00bb row_height_percent=\u00a0\u00bb0&Prime; override_padding=\u00a0\u00bbyes\u00a0\u00bb h_padding=\u00a0\u00bb2&Prime; top_padding=\u00a0\u00bb1&Prime; bottom_padding=\u00a0\u00bb5&Prime; overlay_alpha=\u00a0\u00bb50&Prime; gutter_size=\u00a0\u00bb3&Prime; column_width_percent=\u00a0\u00bb100&Prime; shift_y=\u00a0\u00bb0&Prime; z_index=\u00a0\u00bb0&Prime; row_height_use_pixel=\u00a0\u00bb\u00a0\u00bb][vc_column column_width_use_pixel=\u00a0\u00bbyes\u00a0\u00bb gutter_size=\u00a0\u00bb3&Prime; font_family=\u00a0\u00bbfont-134980&Prime; overlay_alpha=\u00a0\u00bb50&Prime; shift_x=\u00a0\u00bb0&Prime; shift_y=\u00a0\u00bb0&Prime; shift_y_down=\u00a0\u00bb0&Prime; z_index=\u00a0\u00bb0&Prime; medium_width=\u00a0\u00bb0&Prime; mobile_width=\u00a0\u00bb0&Prime; zoom_width=\u00a0\u00bb0&Prime; zoom_height=\u00a0\u00bb0&Prime; column_width_pixel=\u00a0\u00bb800&Prime; width=\u00a0\u00bb1\/1&Prime;][vc_column_text uncode_shortcode_id=\u00a0\u00bb796600&Prime;]<\/p>\n<div class=\"page\" title=\"Page 3\">\n<div class=\"layoutArea\">\n<div class=\"column\">\n<div class=\"page\" title=\"Page 3\">\n<div class=\"layoutArea\">\n<div class=\"page\" title=\"Page 3\">\n<p class=\"layoutArea\">D\u00e8s l\u2019Antiquit\u00e9, deux jardins se c\u00f4toient : le jardin nourricier ou potager, le plus ancien des jardins domestiques, et un nouveau venu, le jardin d\u2019agr\u00e9ment qui n\u2019a d\u2019autre r\u00f4le que celui de plaire aux sens. Ce dernier va d\u00e9sormais occuper les esth\u00e8tes, les architectes et les artistes. Ainsi, les commanditaires de ces jardins font valoir par l&rsquo;esth\u00e9tisation d\u2019une terre non exploit\u00e9e &#8211; sinon pour leur plaisir &#8211; leur pouvoir \u00e9conomique et souvent politique.<br \/>\nL&rsquo;\u00e9poque m\u00e9di\u00e9vale porte haut le th\u00e8me du jardin utilis\u00e9 comme m\u00e9taphore \u00e0 de nombreuses consid\u00e9rations religieuses. Adjoint aux clo\u00eetres et abbayes, il permet de cultiver notamment les plantes m\u00e9dicinales. Les \u00e9pisodes les plus sentimentaux de l\u2019amour courtois s\u2019y tiennent, dans de petits jardins ferm\u00e9s (<em>hortus conclusus<\/em>) tout garnis de roses, de treilles fleuries et d\u2019arbres fruitiers. Pourtant, il faut attendre le XVe si\u00e8cle avant que ne s\u2019implante solidement l\u2019id\u00e9e d\u2019un jardin d\u2019agr\u00e9ment \u00ab meubl\u00e9 \u00bb et d\u00e9cor\u00e9 comme le sont les demeures.<br \/>\nPeu \u00e0 peu, le jardin s\u2019enrichit de banquettes de verdures, de chemins dissimul\u00e9s sous des berceaux arbor\u00e9s ou garnis de fleurs pour se prot\u00e9ger du soleil. Une ou plusieurs fontaines prennent une place centrale dans la disposition du jardin et la garderont pour longtemps.<br \/>\nCes am\u00e9nagements on\u00e9reux sont l\u2019apanage des plus ais\u00e9s et c\u2019est ainsi que l\u2019on voit prendre forme l\u2019anc\u00eatre du jardin \u00e0 la fran\u00e7aise en Italie, en Toscane plus pr\u00e9cis\u00e9ment, alors que la Renaissance choisit pour capitale des arts la ville de Florence. Quoi de mieux en effet qu\u2019une ville dont l\u2019embl\u00e8me au lys \u00e0 donner son nom \u00e0 l\u2019une des plus c\u00e9l\u00e8bres cath\u00e9drales d\u2019Europe, Santa Maria del Fiore ?<\/p>\n<\/div>\n<\/div>\n<\/div>\n<\/div>\n<\/div>\n<\/div>\n<p>[\/vc_column_text][vc_custom_heading uncode_shortcode_id=\u00a0\u00bb982897&Prime;]<\/p>\n<div class=\"page\" title=\"Page 4\">\n<div class=\"layoutArea\">\n<div class=\"column\">\n<p>Le jardin \u00e0 l\u2019italienne<\/p>\n<\/div>\n<\/div>\n<\/div>\n<p>[\/vc_custom_heading][vc_column_text uncode_shortcode_id=\u00a0\u00bb118205&Prime;]<\/p>\n<div class=\"page\" title=\"Page 3\">\n<div class=\"layoutArea\">\n<div class=\"column\">\n<div class=\"page\" title=\"Page 3\">\n<div class=\"layoutArea\">\n<div class=\"page\" title=\"Page 3\">\n<p>Au XVIe si\u00e8cle, l\u2019effervescence est \u00e0 son comble \u00e0 Florence. La puissance politique, culturelle et \u00e9conomique des M\u00e9dicis a fait de la ville l\u2019un des centres les plus riches d\u2019Europe de l\u2019ouest. Cosme Ier de M\u00e9dicis s\u2019attache les plus grands artistes et intellectuels de son temps par une politique de protection et de commande qui signe les grandes heures de l\u2019art florentin. \u2028Au si\u00e8cle pr\u00e9c\u00e9dent, le courant humanisme a remis au go\u00fbt du jour la mode des villas \u00e9difi\u00e9es dans la campagne toscane et toujours agr\u00e9ment\u00e9es d\u2019un jardin dont Leon Batista Alberti donne l\u2019organisation id\u00e9ale dans <em>De re aedificatoria<\/em> :<\/p>\n<blockquote><p>[\u2026] les formes ressemblent \u00e0 celles que l\u2019on donne aux maisons [\u2026] On y mettre des portiques pour donner de l\u2019ombre, des berceaux o\u00f9 grimpe la vigne, dispos\u00e9es sur des colonnes de marbre, des vases et m\u00eame des statues amusantes, pourvu qu\u2019elles ne soient pas obsc\u00e8nes.<\/p><\/blockquote>\n<\/div>\n<\/div>\n<\/div>\n<\/div>\n<\/div>\n<\/div>\n<p>[\/vc_column_text][vc_single_image media=\u00a0\u00bb102668&Prime; caption=\u00a0\u00bbyes\u00a0\u00bb media_width_percent=\u00a0\u00bb100&Prime; uncode_shortcode_id=\u00a0\u00bb111870&Prime;][vc_column_text uncode_shortcode_id=\u00a0\u00bb900815&Prime;]<\/p>\n<div class=\"page\" title=\"Page 3\">\n<div class=\"layoutArea\">\n<div class=\"column\">\n<div class=\"page\" title=\"Page 4\">\n<p>Il s\u2019agit sans doute d\u2019une des premi\u00e8res indications quant aux \u0153uvres et objets qui peuvent orner un jardin. Dans ses prescriptions, Alberti n\u2019ignore pas les go\u00fbts de son \u00e9poque. Le choix du marbre fait notoirement r\u00e9f\u00e9rence aux <em>horti marmorei<\/em> romains, des \u00ab jardins de marbre \u00bb dans lesquels on exposait des pi\u00e8ces spectaculaires et sans aucun usage utilitaire. Le <a href=\"https:\/\/fr.wikipedia.org\/wiki\/Vase_M%C3%A9dicis\" target=\"_blank\" rel=\"noopener\">vase M\u00e9dicis<\/a> ou le vase Borgh\u00e8se sont les plus fameux exemples de ces ornements.<\/p>\n<p>Ainsi d\u00e9finit, le jardin italien va servir d\u2019assise \u00e0 l\u2019\u00e9laboration du jardin \u00e0 la fran\u00e7aise \u00e0 l\u2019\u00e9poque classique. C\u2019est ainsi que les premiers jardins de Versailles, s\u2019ils dispersent sur leurs parterres des sculptures et des fontaines, sont aussi rythm\u00e9s de vases.<\/p>\n<\/div>\n<\/div>\n<\/div>\n<\/div>\n<p>[\/vc_column_text][vc_custom_heading uncode_shortcode_id=\u00a0\u00bb179926&Prime;]<\/p>\n<div class=\"page\" title=\"Page 4\">\n<div class=\"layoutArea\">\n<div class=\"column\">\n<p>Les vases des jardins \u00e0 la fran\u00e7aise<\/p>\n<\/div>\n<\/div>\n<\/div>\n<p>[\/vc_custom_heading][vc_column_text uncode_shortcode_id=\u00a0\u00bb850551&Prime;]<\/p>\n<div class=\"page\" title=\"Page 3\">\n<div class=\"layoutArea\">\n<div class=\"column\">\n<p class=\"page\" title=\"Page 4\">D\u2019abord \u00e0 vocation utilitaire, les vases sont parmi les ornements les plus nombreux des jardins de Versailles et, plus g\u00e9n\u00e9ralement, des jardins \u00e0 la fran\u00e7aise. C\u2019est d\u2019ailleurs cette utilit\u00e9 premi\u00e8re qui explique l\u2019emploie de diff\u00e9rents mat\u00e9riaux comme la fa\u00efence, le m\u00e9tal ou la terre cuite mais excluant, dans un premier temps, le marbre. \u2028Au d\u00e9but du r\u00e8gne de Louis XIV, la fa\u00efence remporte un v\u00e9ritable succ\u00e8s, ponctuant les jardins de polychromie appr\u00e9ciable. Mais sa fragilit\u00e9 lui vaut d&rsquo;\u00eatre rapidement remplac\u00e9e par des vases en m\u00e9tal peint de couleurs chatoyantes. La persistance du go\u00fbt pour la fa\u00efence tend \u00e0 imiter ses motifs et ses couleurs sur le m\u00e9tal.<br \/>\n\u00c9l\u00e9gants, riches et solides, ces vases viennent dissimuler des jets d\u2019eau ou servent de pots de fleurs. Les vases en terre cuite ou en fa\u00efence ne sont pas toujours abandonn\u00e9s et servent de vases \u00e0 orangers qui n\u00e9cessitent de pouvoir \u00eatre d\u00e9plac\u00e9s lorsque le temps se rafra\u00eechit.<br \/>\nLe luxe que repr\u00e9sente alors ces plantations d&rsquo;agrumes contamine parfois les vases qui les contiennent. \u00c0 Versailles, on va jusqu\u2019\u00e0 r\u00e9aliser pour ces orangers des vases d\u2019argent qui font partie du fastueux mobilier d\u2019argent de Louis XIV. Tout comme les autres pi\u00e8ces spectaculaires de ce mobilier, les vases seront fondus pour financer les guerres du roi en 1689 et 1709. Il n\u2019en reste aujourd\u2019hui plus rien si ce n\u2019est leurs pendants en bronze et en m\u00e9tal, r\u00e9alis\u00e9s pour les jardins, et qui laissent imaginer l&rsquo;opulence de ces pi\u00e8ces somptueuses. En magnifiant ces objets, le vase de jardin devient progressivement une pi\u00e8ce \u00e0 part enti\u00e8re, une \u0153uvre digne de l\u2019int\u00e9r\u00eat des plus grands sculpteurs et des mat\u00e9riaux les plus luxueux.<\/p>\n<\/div>\n<\/div>\n<\/div>\n<p>[\/vc_column_text][vc_single_image media=\u00a0\u00bb101261&Prime; caption=\u00a0\u00bbyes\u00a0\u00bb media_width_percent=\u00a0\u00bb100&Prime; uncode_shortcode_id=\u00a0\u00bb185507&Prime;][vc_column_text uncode_shortcode_id=\u00a0\u00bb198256&Prime;]<\/p>\n<div class=\"page\" title=\"Page 3\">\n<div class=\"layoutArea\">\n<p class=\"column\">\u00c0 la demande de Colbert, des vases en bronze et en plomb sont cr\u00e9\u00e9s pour rythmer le bassin de Neptune et la Salle de bal, des copies de vases antiques sont import\u00e9es de Rome et sont dispers\u00e9es dans les jardins de Versailles. Ce sont d\u2019abord trois r\u00e9pliques du vase M\u00e9dicis et trois du vase Borgh\u00e8se qui prennent place sur le parterre de Latone. Rapidement, la haute aristocratie suit l&rsquo;exemple de la royaut\u00e9 dans ses propres jardins et durant les quinze derni\u00e8res ann\u00e9es du XVIIe si\u00e8cle, le vase se fait pi\u00e8ce d\u2019art en marbre que l&rsquo;on fait orner de motifs par les plus grands noms de la sculpture. Fran\u00e7ois Girardon (1628 &#8211; 1715) sculpte sur de superbes vases le <a href=\"https:\/\/collections.louvre.fr\/en\/ark:\/53355\/cl010092322\" target=\"_blank\" rel=\"noopener\">Triomphe de Galat\u00e9e<\/a> puis celui d\u2019<a href=\"https:\/\/collections.louvre.fr\/en\/ark:\/53355\/cl010092321\" target=\"_blank\" rel=\"noopener\">Amphitrite<\/a>. Antoine Coysevox (1640 &#8211; 1720) et Jean-Baptiste Tuby (1629 &#8211; 1700) r\u00e9alisent respectivement les <a href=\"https:\/\/sculptures-jardins.chateauversailles.fr\/notice\/notice.php?id=2\" target=\"_blank\" rel=\"noopener\">Vases de la guerre<\/a> et <a href=\"https:\/\/sculptures-jardins.chateauversailles.fr\/notice\/notice.php?id=234\" target=\"_blank\" rel=\"noopener\">de la paix<\/a>.<\/p>\n<\/div>\n<\/div>\n<p>[\/vc_column_text][vc_single_image media=\u00a0\u00bb98406&Prime; caption=\u00a0\u00bbyes\u00a0\u00bb media_width_percent=\u00a0\u00bb100&Prime; uncode_shortcode_id=\u00a0\u00bb651098&Prime;][vc_column_text uncode_shortcode_id=\u00a0\u00bb547157&Prime;]<\/p>\n<div class=\"page\" title=\"Page 3\">\n<div class=\"layoutArea\">\n<div class=\"column\">\n<p title=\"Page 4\">Le succ\u00e8s est tel que durant les si\u00e8cles suivants, des copies de ces vases sont r\u00e9alis\u00e9s en marbre, en m\u00e9tal pour les ext\u00e9rieurs et la c\u00e9ramique pour les int\u00e9rieurs. Ils ornent les jardins d&rsquo;ext\u00e9rieur et d&rsquo;hiver des demeures riches et \u00e9l\u00e9gantes. D\u2019autant que le n\u00e9oclassicisme \u00e9mergeant sous le r\u00e8gne de Louis XVI et s\u2019exprimant tout \u00e0 fait sous le Consulat et l\u2019Empire se tourne tout entier vers la nature, que l\u2019on appr\u00e9cie de moins en moins engonc\u00e9e dans des formes parfaitement ma\u00eetris\u00e9es mais de plus en plus savamment entretenue pour exprimer un sentiment bucolique et romantique.<br \/>\nLe jardin se fait lieu de surprises avec des bosquets, des kiosques et des lacs et de d\u00e9couverte, on y plante de nouvelles esp\u00e8ces, on cultive dans des serres des essences rares. Les ornements du jardin \u00e0 la fran\u00e7aise perdent de leur grandiloquence mais ne disparaissent pas. Ils sont encore un \u00e9l\u00e9ment qui indique que la nature est toujours ma\u00eetris\u00e9e par la main de l\u2019Homme.<\/p>\n<\/div>\n<\/div>\n<\/div>\n<p>[\/vc_column_text][vc_single_image media=\u00a0\u00bb101725&Prime; caption=\u00a0\u00bbyes\u00a0\u00bb media_width_percent=\u00a0\u00bb100&Prime; uncode_shortcode_id=\u00a0\u00bb155789&Prime;][vc_custom_heading uncode_shortcode_id=\u00a0\u00bb143230&Prime;]<\/p>\n<div class=\"page\" title=\"Page 4\">\n<div class=\"layoutArea\">\n<div class=\"column\">\n<p>Vases de jardin en terre cuite : les vases d\u2019Anduze<\/p>\n<\/div>\n<\/div>\n<\/div>\n<p>[\/vc_custom_heading][vc_column_text uncode_shortcode_id=\u00a0\u00bb433513&Prime;]<\/p>\n<div class=\"page\" title=\"Page 3\">\n<div class=\"layoutArea\">\n<div class=\"column\">\n<div class=\"page\" title=\"Page 4\">\n<p class=\"layoutArea\">Ses origines se perdent dans l\u2019histoire et si d\u2019aucuns estiment qu\u2019il doit sa naissance aux potiers italiens, il semble que le vase d\u2019Anduze apparaisse dans la ville \u00e9ponyme et ses alentours durant la seconde moiti\u00e9 du XVIIe si\u00e8cle. Initialement con\u00e7u pour faciliter la culture des agrumes, il conna\u00eet un succ\u00e8s plus large d\u00e8s la fin du XVIIIe si\u00e8cle et remplit depuis une fonction plus g\u00e9n\u00e9rale de vase d\u2019ornement.<\/p>\n<\/div>\n<\/div>\n<\/div>\n<\/div>\n<p>[\/vc_column_text][vc_single_image media=\u00a0\u00bb102670&Prime; caption=\u00a0\u00bbyes\u00a0\u00bb media_width_percent=\u00a0\u00bb100&Prime; uncode_shortcode_id=\u00a0\u00bb407711&Prime;][vc_column_text uncode_shortcode_id=\u00a0\u00bb532476&Prime;]<\/p>\n<div class=\"page\" title=\"Page 3\">\n<div class=\"layoutArea\">\n<div class=\"column\">\n<div class=\"page\" title=\"Page 4\">\n<div class=\"layoutArea\">\n<div class=\"page\" title=\"Page 5\">\n<p class=\"layoutArea\">Au XIXe si\u00e8cle, les commandes de vases d\u2019Anduze s&rsquo;\u00e9tendent \u00e0 la capitale et il n\u2019est pas jusqu\u2019\u00e0 Napol\u00e9on Ier qui ne s\u2019en fasse livrer pour les jardins de ses palais, ce dont t\u00e9moigne une commande pass\u00e9e aupr\u00e8s de la famille Boisset, productrice historique et renomm\u00e9e de ce type de vases.<br \/>\nMalgr\u00e9 un mat\u00e9riau et des couleurs caract\u00e9ristiques de la r\u00e9gion proven\u00e7ale, la physionomie du vase d\u2019Anduze ne semble pas avoir \u00e9chapp\u00e9 au succ\u00e8s des formes imitant le vase M\u00e9dicis. Ainsi, ce vase proven\u00e7al est toujours en forme de cloche renvers\u00e9e et pour toute d\u00e9coration s\u2019orne de guirlandes fleuries et de m\u00e9daillons qui servent parfois \u00e0 identifier un atelier ou un potier. Comme un souvenir des fa\u00efences polychromes qui ornaient autrefois les jardins de Versailles, les vases d\u2019Anduze sont reconnaissables \u00e0 leur gla\u00e7ure jaune, verte ou brune ou pr\u00e9sentant ces trois couleurs \u00e0 la fois. Il incarne aujourd\u2019hui \u00e0 lui seul l\u2019embl\u00e8me des jardins m\u00e9ridionaux.<\/p>\n<\/div>\n<\/div>\n<\/div>\n<\/div>\n<\/div>\n<\/div>\n<p>[\/vc_column_text][vc_custom_heading uncode_shortcode_id=\u00a0\u00bb175550&Prime;]<\/p>\n<div class=\"page\" title=\"Page 4\">\n<div class=\"layoutArea\">\n<div class=\"column\">\n<p>Ornements et mobilier de jardin au XIXe si\u00e8cle<\/p>\n<\/div>\n<\/div>\n<\/div>\n<p>[\/vc_custom_heading][vc_column_text uncode_shortcode_id=\u00a0\u00bb126972&Prime;]<\/p>\n<div class=\"page\" title=\"Page 3\">\n<div class=\"layoutArea\">\n<div class=\"column\">\n<div class=\"page\" title=\"Page 4\">\n<div class=\"layoutArea\">\n<div class=\"page\" title=\"Page 5\">\n<p class=\"layoutArea\">Au XIXe si\u00e8cle, le jardin s\u2019installe en ville. Lieu de pouvoir, de plaisir et de sociabilit\u00e9 d\u2019une \u00e9lite, le parc et le jardin autrefois r\u00e9serv\u00e9 \u00e0 la noblesse deviennent les nouveaux ornements des villes o\u00f9 r\u00e8gne d\u00e9sormais en ma\u00eetre la bourgeoisie. \u00c0 la suite de Jos\u00e9phine de Beauharnais, le jardin priv\u00e9 est l\u2019objet d\u2019un renouveau et de toutes les attentions.<br \/>\nAinsi se d\u00e9veloppe un important march\u00e9 de copies de vases dans toutes sortes de formes et de mat\u00e9riaux mais o\u00f9 domine le go\u00fbt versaillais et, surtout, l\u2019ind\u00e9tr\u00f4nable vase M\u00e9dicis.<\/p>\n<\/div>\n<\/div>\n<\/div>\n<\/div>\n<\/div>\n<\/div>\n<p>[\/vc_column_text][vc_single_image media=\u00a0\u00bb102288&Prime; caption=\u00a0\u00bbyes\u00a0\u00bb media_width_percent=\u00a0\u00bb100&Prime; uncode_shortcode_id=\u00a0\u00bb136343&Prime;][vc_column_text uncode_shortcode_id=\u00a0\u00bb720090&Prime;]<\/p>\n<div class=\"page\" title=\"Page 3\">\n<div class=\"layoutArea\">\n<div class=\"column\">\n<div class=\"page\" title=\"Page 4\">\n<div class=\"layoutArea\">\n<div class=\"page\" title=\"Page 5\">\n<p class=\"layoutArea\">Les bancs se d\u00e9clinent \u00e0 l\u2019envie et on voit rena\u00eetre dans la seconde moiti\u00e9 du XIXe si\u00e8cle un go\u00fbt prononc\u00e9 pour la rocaille. Ces ornements formant des grottes artificielles avaient connu un fort engouement \u00e0 la Renaissance et sous l\u2019Ancien R\u00e9gime. Avec l\u2019industrialisation, la rocaille retrouve un second souffle gr\u00e2ce au d\u00e9veloppement vers 1850 d&rsquo;un ciment \u00e0 prise rapide, le ciment Portland. Gr\u00e2ce \u00e0 ce nouveau mat\u00e9riau, la rocaille autrefois tr\u00e8s on\u00e9reuse est d\u00e9sormais \u00e0 la port\u00e9e des municipalit\u00e9s et des jardins priv\u00e9s. Les rocailleurs, artisans de peu, mod\u00e8lent des bancs, du mobilier, des kiosques, des ponts ou des rambardes en faux bois. Et si le ciment est assur\u00e9ment moins noble que le marbre, il n\u2019en demeure pas moins virtuose lorsqu\u2019il prend la forme d\u2019\u0153uvres d\u2019art extr\u00eamement d\u00e9taill\u00e9es, tout \u00e0 la gloire du v\u00e9g\u00e9tal. Cet art brut populaire revient \u00e0 nouveau en gr\u00e2ce et embellit aujourd&rsquo;hui les jardins contemporains.<\/p>\n<\/div>\n<\/div>\n<\/div>\n<\/div>\n<\/div>\n<\/div>\n<p>[\/vc_column_text][vc_single_image media=\u00a0\u00bb102672&Prime; caption=\u00a0\u00bbyes\u00a0\u00bb media_width_percent=\u00a0\u00bb100&Prime; uncode_shortcode_id=\u00a0\u00bb120864&Prime;][vc_column_text uncode_shortcode_id=\u00a0\u00bb150748&Prime;]<\/p>\n<div class=\"page\" title=\"Page 3\">\n<div class=\"layoutArea\">\n<div class=\"column\">\n<div class=\"page\" title=\"Page 4\">\n<div class=\"layoutArea\">\n<div class=\"page\" title=\"Page 5\">\n<p class=\"layoutArea\">Toujours, les fontaines font l\u2019objet de beaucoup d\u2019attention et animent le jardin autant par leurs jeux d\u2019eaux que par leur clapotis rafra\u00eechissant. Elles se rapprochent peu \u00e0 peu des terrasses et servent \u00e0 rafra\u00eechir les fruits ou les verres lors des d\u00eeners, dans une mise en sc\u00e8ne soign\u00e9e et \u00e9l\u00e9gante. On retrouve ici le go\u00fbt Renaissance du jardin comme espace de plaisir et de divertissement joyeux, comme l\u2019expression d\u2019un art de vivre plus l\u00e9ger que celui impos\u00e9 par l\u2019\u00e9tiquette lors des r\u00e9ceptions \u00e0 l\u2019int\u00e9rieur des demeures.<\/p>\n<\/div>\n<\/div>\n<\/div>\n<\/div>\n<\/div>\n<\/div>\n<p>[\/vc_column_text][vc_single_image media=\u00a0\u00bb102252&Prime; caption=\u00a0\u00bbyes\u00a0\u00bb media_width_percent=\u00a0\u00bb100&Prime; uncode_shortcode_id=\u00a0\u00bb173968&Prime;][vc_column_text uncode_shortcode_id=\u00a0\u00bb136025&Prime;]<\/p>\n<div class=\"page\" title=\"Page 3\">\n<div class=\"layoutArea\">\n<div class=\"column\">\n<div class=\"page\" title=\"Page 4\">\n<div class=\"layoutArea\">\n<div class=\"page\" title=\"Page 5\">\n<p class=\"layoutArea\">La popularisation de la lumi\u00e8re au gaz puis de l\u2019\u00e9lectricit\u00e9 vont \u00e9galement entra\u00eener un nouveau rapport au jardin. Gr\u00e2ce \u00e0 une lumi\u00e8re constante, le jardin priv\u00e9 s\u2019appr\u00e9cie d\u00e9sormais aussi la nuit. Des r\u00e9verb\u00e8res ou lampadaires en fonte, souvent peints en vert pour se camoufler dans la v\u00e9g\u00e9tation, accompagnent les promeneurs le long des chemins ou au coin d\u2019un banc. Une nouvelle \u00e8re s\u2019ouvre pour le jardin.<\/p>\n<\/div>\n<\/div>\n<\/div>\n<\/div>\n<\/div>\n<\/div>\n<p>[\/vc_column_text][vc_single_image media=\u00a0\u00bb92368&Prime; caption=\u00a0\u00bbyes\u00a0\u00bb media_width_percent=\u00a0\u00bb100&Prime; uncode_shortcode_id=\u00a0\u00bb580455&Prime;][vc_column_text uncode_shortcode_id=\u00a0\u00bb186160&Prime;]<\/p>\n<div class=\"page\" title=\"Page 3\">\n<div class=\"layoutArea\">\n<div class=\"column\">\n<div class=\"page\" title=\"Page 4\">\n<div class=\"layoutArea\">\n<div class=\"page\" title=\"Page 5\">\n<p class=\"layoutArea\">Pourtant, des parterres parfaitement dessin\u00e9s de Versailles aux jardins anglais de l\u2019\u00e9poque moderne, l\u2019ornement et le mobilier perdurent, se faisant le rappel que le jardin &#8211; au contraire de la nature sauvage &#8211; demeure intimement li\u00e9 \u00e0 l\u2019esth\u00e9tisation qui pla\u00eet tant \u00e0 l\u2019esprit humain.<\/p>\n<\/div>\n<\/div>\n<\/div>\n<\/div>\n<\/div>\n<\/div>\n<p>[\/vc_column_text][vc_column_text uncode_shortcode_id=\u00a0\u00bb100802&Prime;]<\/p>\n<p style=\"text-align: right;\"><strong>Marielle Brie de Lagerac<br \/>\n<\/strong>Historienne de l\u2019art pour le march\u00e9 de l\u2019art et les m\u00e9dias culturels.<br \/>\nAuteure du blog Objets d\u2019Art et d\u2019Histoire<\/p>\n<p>[\/vc_column_text][\/vc_column][\/vc_row]<\/p>\n<\/div>","protected":false},"excerpt":{"rendered":"<p>D\u00e8s la Renaissance, l\u2019am\u00e9nagement du jardin ne va pas sans \u0153uvres d\u2019art. Aujourd\u2019hui, vases M\u00e9dicis, statues, bancs, fontaines ou r\u00e9verb\u00e8res sont devenues les indispensables des plus beaux jardins d\u2019agr\u00e9ment.<\/p>\n","protected":false},"author":3,"featured_media":102288,"comment_status":"closed","ping_status":"closed","sticky":false,"template":"","format":"standard","meta":{"_seopress_titles_title":"Ornements et antiquit\u00e9s du jardin","_seopress_titles_desc":"D\u00e8s la Renaissance, l\u2019am\u00e9nagement du jardin ne va pas sans \u0153uvres d\u2019art. Aujourd\u2019hui, vases M\u00e9dicis, statues, bancs, fontaines ou r\u00e9verb\u00e8res sont devenues les indispensables des plus beaux jardins d\u2019agr\u00e9ment.\r\n","_seopress_robots_index":"","_seopress_robots_follow":"","_seopress_robots_imageindex":"","_seopress_robots_snippet":"","_seopress_robots_primary_cat":"none","_seopress_robots_breadcrumbs":"","_seopress_robots_freeze_modified_date":"","_seopress_robots_custom_modified_date":"","_seopress_robots_canonical":"","_seopress_social_fb_title":"Ornements et antiquit\u00e9s du jardin","_seopress_social_fb_desc":"D\u00e8s la Renaissance, l\u2019am\u00e9nagement du jardin ne va pas sans \u0153uvres d\u2019art. Aujourd\u2019hui, vases M\u00e9dicis, statues, bancs, fontaines ou r\u00e9verb\u00e8res sont devenues les indispensables des plus beaux jardins d\u2019agr\u00e9ment.\r\n","_seopress_social_fb_img":"https:\/\/pipat-antiquites.fr\/wp-content\/uploads\/2023\/05\/paire-vases-medicis-fonte-piedestal-ancien.jpg","_seopress_social_fb_img_attachment_id":102288,"_seopress_social_fb_img_width":2015,"_seopress_social_fb_img_height":2015,"_seopress_social_twitter_title":"Ornements et antiquit\u00e9s du jardin","_seopress_social_twitter_desc":"D\u00e8s la Renaissance, l\u2019am\u00e9nagement du jardin ne va pas sans \u0153uvres d\u2019art. Aujourd\u2019hui, vases M\u00e9dicis, statues, bancs, fontaines ou r\u00e9verb\u00e8res sont devenues les indispensables des plus beaux jardins d\u2019agr\u00e9ment.\r\n","_seopress_social_twitter_img":"https:\/\/pipat-antiquites.fr\/wp-content\/uploads\/2023\/05\/paire-vases-medicis-fonte-piedestal-ancien.jpg","_seopress_social_twitter_img_attachment_id":102288,"_seopress_social_twitter_img_width":2015,"_seopress_social_twitter_img_height":2015,"_seopress_redirections_value":"","_seopress_redirections_enabled":"","_seopress_redirections_enabled_regex":"","_seopress_redirections_logged_status":"both","_seopress_redirections_param":"","_seopress_redirections_type":301,"_seopress_analysis_target_kw":"luca della robbia,Santa Maria del fiore,florence,renaissance italienne","_seopress_news_disabled":"","_seopress_video_disabled":"","_seopress_video":[],"_seopress_pro_schemas_manual":[],"_seopress_pro_rich_snippets_disable_all":"","_seopress_pro_rich_snippets_disable":[],"_seopress_pro_schemas":[],"content-type":"","footnotes":""},"categories":[1,162],"tags":[],"class_list":["post-102664","post","type-post","status-publish","format-standard","has-post-thumbnail","hentry","category-non-classifiee","category-dossier-art-antiquites"],"_links":{"self":[{"href":"https:\/\/pipat-antiquites.fr\/fr\/wp-json\/wp\/v2\/posts\/102664","targetHints":{"allow":["GET"]}}],"collection":[{"href":"https:\/\/pipat-antiquites.fr\/fr\/wp-json\/wp\/v2\/posts"}],"about":[{"href":"https:\/\/pipat-antiquites.fr\/fr\/wp-json\/wp\/v2\/types\/post"}],"author":[{"embeddable":true,"href":"https:\/\/pipat-antiquites.fr\/fr\/wp-json\/wp\/v2\/users\/3"}],"replies":[{"embeddable":true,"href":"https:\/\/pipat-antiquites.fr\/fr\/wp-json\/wp\/v2\/comments?post=102664"}],"version-history":[{"count":4,"href":"https:\/\/pipat-antiquites.fr\/fr\/wp-json\/wp\/v2\/posts\/102664\/revisions"}],"predecessor-version":[{"id":104796,"href":"https:\/\/pipat-antiquites.fr\/fr\/wp-json\/wp\/v2\/posts\/102664\/revisions\/104796"}],"wp:featuredmedia":[{"embeddable":true,"href":"https:\/\/pipat-antiquites.fr\/fr\/wp-json\/wp\/v2\/media\/102288"}],"wp:attachment":[{"href":"https:\/\/pipat-antiquites.fr\/fr\/wp-json\/wp\/v2\/media?parent=102664"}],"wp:term":[{"taxonomy":"category","embeddable":true,"href":"https:\/\/pipat-antiquites.fr\/fr\/wp-json\/wp\/v2\/categories?post=102664"},{"taxonomy":"post_tag","embeddable":true,"href":"https:\/\/pipat-antiquites.fr\/fr\/wp-json\/wp\/v2\/tags?post=102664"}],"curies":[{"name":"wp","href":"https:\/\/api.w.org\/{rel}","templated":true}]}}